{"id":1352,"date":"2026-04-30T14:24:48","date_gmt":"2026-04-30T14:24:48","guid":{"rendered":"https:\/\/www.catedradeempresayhumanismo.com\/?p=1352"},"modified":"2026-04-30T14:29:47","modified_gmt":"2026-04-30T14:29:47","slug":"barometro-empresa-ia","status":"publish","type":"post","link":"https:\/\/www.catedradeempresayhumanismo.com\/en\/uncategorized\/barometro-empresa-ia\/","title":{"rendered":"The Valencian company prioritizes automation despite the skills gap in AI, according to the CEiH and SEIDOR Barometer."},"content":{"rendered":"<p>The <strong>C\u00e1tedra de Empresa y Humanismo de la Universitat de Val\u00e8ncia (UV)<\/strong> and <strong>SEIDOR<\/strong> han presentado en el Roig Arena los resultados del <strong>&#039;Barometer of Artificial Intelligence in Business in the Valencian Community&#039;<\/strong>. El informe revela una radiograf\u00eda marcada por el pragmatismo: el tejido empresarial valenciano se vuelca en la automatizaci\u00f3n para ganar productividad, pero reconoce un <strong>agudo d\u00e9ficit de habilidades<\/strong> que compromete el despliegue estrat\u00e9gico de esta tecnolog\u00eda.<\/p>\n\n\n\n<h2 class=\"wp-block-heading\"><strong>Automatizaci\u00f3n frente a valor estrat\u00e9gico: una apuesta por la eficiencia<\/strong><\/h2>\n\n\n\n<p>Los datos del Bar\u00f3metro muestran que la IA en la Comunitat Valenciana tiene, de momento, un enfoque eminentemente t\u00e1ctico. Mientras que las organizaciones otorgan una importancia de <strong>6,5 sobre 10 al futuro de los negocios con IA<\/strong>, la realidad de su implementaci\u00f3n se queda en la superficie operativa: El 56% de las corporaciones ve el mayor potencial en la automatizaci\u00f3n de tareas mec\u00e1nicas, por delante de la innovaci\u00f3n en modelos de negocio.<\/p>\n\n\n\n<p><strong>La PYME valenciana: el reto de la adopci\u00f3n desigual<\/strong><\/p>\n\n\n\n<p>El Bar\u00f3metro pone de manifiesto que la irrupci\u00f3n de la IA no est\u00e1 siendo homog\u00e9nea. Mientras las grandes corporaciones lideran la inversi\u00f3n, el impacto de esta tecnolog\u00eda en la peque\u00f1a empresa es todav\u00eda minoritario. Dado que la mayor\u00eda del tejido empresarial de la Comunitat est\u00e1 compuesto por PYMES, el informe advierte que la falta de escala y el acceso limitado a profesionales expertos est\u00e1n actuando como un freno cr\u00edtico. Para este perfil de empresa, la IA todav\u00eda no es un factor determinante, lo que evidencia la necesidad de pol\u00edticas de apoyo que eviten una brecha digital irreversible en el territorio.<\/p>\n\n\n\n<figure class=\"wp-block-image size-large\"><a href=\"https:\/\/www.catedradeempresayhumanismo.com\/wp-content\/uploads\/2026\/04\/Z1A3451-scaled.jpg\"><img loading=\"lazy\" decoding=\"async\" width=\"1024\" height=\"683\" src=\"https:\/\/www.catedradeempresayhumanismo.com\/wp-content\/uploads\/2026\/04\/Z1A3451-1024x683.jpg\" alt=\"\" class=\"wp-image-1356\" srcset=\"https:\/\/www.catedradeempresayhumanismo.com\/wp-content\/uploads\/2026\/04\/Z1A3451-1024x683.jpg 1024w, https:\/\/www.catedradeempresayhumanismo.com\/wp-content\/uploads\/2026\/04\/Z1A3451-300x200.jpg 300w, https:\/\/www.catedradeempresayhumanismo.com\/wp-content\/uploads\/2026\/04\/Z1A3451-768x512.jpg 768w, https:\/\/www.catedradeempresayhumanismo.com\/wp-content\/uploads\/2026\/04\/Z1A3451-1536x1024.jpg 1536w, https:\/\/www.catedradeempresayhumanismo.com\/wp-content\/uploads\/2026\/04\/Z1A3451-2048x1365.jpg 2048w, https:\/\/www.catedradeempresayhumanismo.com\/wp-content\/uploads\/2026\/04\/Z1A3451-18x12.jpg 18w, https:\/\/www.catedradeempresayhumanismo.com\/wp-content\/uploads\/2026\/04\/Z1A3451-scaled.jpg 2560w\" sizes=\"auto, (max-width: 1024px) 100vw, 1024px\" \/><\/a><\/figure>\n\n\n\n<h2 class=\"wp-block-heading\"><strong>El factor humano: un d\u00e9ficit de habilidades que genera recelo<\/strong><\/h2>\n\n\n\n<p>A esta visi\u00f3n se suma una preocupaci\u00f3n por el capital humano. Las empresas no solo sufren por la falta de talento externo, sino que el informe detecta un temor creciente a la <strong>p\u00e9rdida de habilidades profesionales<\/strong>.&nbsp; Existe una conciencia emergente sobre el riesgo de que la delegaci\u00f3n excesiva en algoritmos termine por erosionar el juicio t\u00e9cnico y la pericia de las plantillas actuales.<\/p>\n\n\n\n<p>Pese a este diagn\u00f3stico, el temor al desplazamiento laboral sigue siendo bajo (<strong>4,6 sobre 10<\/strong>), lo que refuerza la idea de que la IA se percibe como una herramienta que el profesional actual a\u00fan debe aprender a liderar para no perder sus capacidades cr\u00edticas.&nbsp;<\/p>\n\n\n\n<p>La confianza en encontrar talento cualificado roza el aprobado raspado (5,2\/10). Esta carencia de perfiles especializados convive con una inversi\u00f3n creciente pero cauta: el 64% de las empresas valencianas est\u00e1 aumentando su gasto en IA, aunque la mayor\u00eda lo hace en menos de un 10%. Este escenario evidencia que, sin una capacitaci\u00f3n adecuada, el capital financiero destinado a la tecnolog\u00eda corre el riesgo de no transformarse en un crecimiento real para el tejido productivo regional.<\/p>\n\n\n\n<h2 class=\"wp-block-heading\"><strong>Voces de la jornada<\/strong><\/h2>\n\n\n\n<p><strong>Francisco Jos\u00e9 Soria<\/strong>, director general de Econom\u00eda, ha recordado que el \u00e9xito ser\u00e1 de \"qui\u00e9n la implemente mejor, no antes\". Por su parte, <strong>Francisco Javier Balfag\u00f3n<\/strong> (DGTIC) ha abogado por un enfoque realista centrado en la formaci\u00f3n y la transparencia para superar este bache de habilidades.<\/p>\n\n\n\n<p>El rector de la Universitat de Val\u00e8ncia, <strong>Juan Luis Gand\u00eda<\/strong>, ha destacado que la Universidad es el espacio natural para resolver este d\u00e9ficit de talento bajo un prisma humanista. Finalmente, <strong>Ignasi Pons<\/strong>, director of <em>SEIDOR <\/em>en Levante, ha concluido que el Bar\u00f3metro debe servir para que las empresas pasen de la simple automatizaci\u00f3n a \"implementar proyectos que aporten valor real y estrat\u00e9gico\", asegurando que la tecnolog\u00eda potencie \u2014y no merme\u2014 el talento valenciano.<\/p>\n\n\n\n<figure class=\"wp-block-image size-large\"><a href=\"https:\/\/www.catedradeempresayhumanismo.com\/wp-content\/uploads\/2026\/04\/Z1A3377-scaled.jpg\"><img loading=\"lazy\" decoding=\"async\" width=\"1024\" height=\"683\" src=\"https:\/\/www.catedradeempresayhumanismo.com\/wp-content\/uploads\/2026\/04\/Z1A3377-1024x683.jpg\" alt=\"\" class=\"wp-image-1357\" srcset=\"https:\/\/www.catedradeempresayhumanismo.com\/wp-content\/uploads\/2026\/04\/Z1A3377-1024x683.jpg 1024w, https:\/\/www.catedradeempresayhumanismo.com\/wp-content\/uploads\/2026\/04\/Z1A3377-300x200.jpg 300w, https:\/\/www.catedradeempresayhumanismo.com\/wp-content\/uploads\/2026\/04\/Z1A3377-768x512.jpg 768w, https:\/\/www.catedradeempresayhumanismo.com\/wp-content\/uploads\/2026\/04\/Z1A3377-1536x1024.jpg 1536w, https:\/\/www.catedradeempresayhumanismo.com\/wp-content\/uploads\/2026\/04\/Z1A3377-2048x1365.jpg 2048w, https:\/\/www.catedradeempresayhumanismo.com\/wp-content\/uploads\/2026\/04\/Z1A3377-18x12.jpg 18w, https:\/\/www.catedradeempresayhumanismo.com\/wp-content\/uploads\/2026\/04\/Z1A3377-scaled.jpg 2560w\" sizes=\"auto, (max-width: 1024px) 100vw, 1024px\" \/><\/a><\/figure>","protected":false},"excerpt":{"rendered":"<p>The C\u00e1tedra de Empresa y Humanismo research group at the University of Valencia (UV) and SEIDOR presented the results of the &#039;Barometer of Artificial Intelligence in Business in the Valencian Community&#039; at the Roig Arena. The report reveals a picture marked by pragmatism: Valencian businesses are embracing automation to increase productivity, [\u2026]<\/p>","protected":false},"author":6,"featured_media":1353,"comment_status":"open","ping_status":"open","sticky":false,"template":"","format":"standard","meta":{"_acf_changed":false,"inline_featured_image":false,"footnotes":""},"categories":[1],"tags":[],"class_list":["post-1352","post","type-post","status-publish","format-standard","has-post-thumbnail","hentry","category-uncategorized"],"acf":[],"yoast_head":"<!-- This site is optimized with the Yoast SEO plugin v26.0 - https:\/\/yoast.com\/wordpress\/plugins\/seo\/ -->\n<title>La empresa valenciana prioriza la automatizaci\u00f3n pese al d\u00e9ficit de habilidades en IA, seg\u00fan el Bar\u00f3metro de CEiH y SEIDOR - C\u00e1tedra de Empresa y Humanismo<\/title>\n<meta name=\"description\" content=\"La CEiH y SEIDOR han presentado en el Roig Arena los resultados del &#039;Bar\u00f3metro de Inteligencia Artificial en la Empresa de la Comunitat Valenciana&#039;.\" \/>\n<meta name=\"robots\" content=\"index, follow, max-snippet:-1, max-image-preview:large, max-video-preview:-1\" \/>\n<link rel=\"canonical\" href=\"https:\/\/www.catedradeempresayhumanismo.com\/en\/uncategorized\/barometro-empresa-ia\/\" \/>\n<meta property=\"og:locale\" content=\"en_GB\" \/>\n<meta property=\"og:type\" content=\"article\" \/>\n<meta property=\"og:title\" content=\"La empresa valenciana prioriza la automatizaci\u00f3n pese al d\u00e9ficit de habilidades en IA, seg\u00fan el Bar\u00f3metro de CEiH y SEIDOR - C\u00e1tedra de Empresa y Humanismo\" \/>\n<meta property=\"og:description\" content=\"La CEiH y SEIDOR han presentado en el Roig Arena los resultados del &#039;Bar\u00f3metro de Inteligencia Artificial en la Empresa de la Comunitat Valenciana&#039;.\" \/>\n<meta property=\"og:url\" content=\"https:\/\/www.catedradeempresayhumanismo.com\/en\/uncategorized\/barometro-empresa-ia\/\" \/>\n<meta property=\"og:site_name\" content=\"C\u00e1tedra de Empresa y Humanismo\" \/>\n<meta property=\"article:published_time\" content=\"2026-04-30T14:24:48+00:00\" \/>\n<meta property=\"article:modified_time\" content=\"2026-04-30T14:29:47+00:00\" \/>\n<meta property=\"og:image\" content=\"https:\/\/www.catedradeempresayhumanismo.com\/wp-content\/uploads\/2026\/04\/Z1A3370-scaled.jpg\" \/>\n\t<meta property=\"og:image:width\" content=\"2560\" \/>\n\t<meta property=\"og:image:height\" content=\"1707\" \/>\n\t<meta property=\"og:image:type\" content=\"image\/jpeg\" \/>\n<meta name=\"author\" content=\"Dulce Iborra\" \/>\n<meta name=\"twitter:card\" content=\"summary_large_image\" \/>\n<meta name=\"twitter:label1\" content=\"Written by\" \/>\n\t<meta name=\"twitter:data1\" content=\"Dulce Iborra\" \/>\n\t<meta name=\"twitter:label2\" content=\"Estimated reading time\" \/>\n\t<meta name=\"twitter:data2\" content=\"4 minutes\" \/>\n<script type=\"application\/ld+json\" class=\"yoast-schema-graph\">{\"@context\":\"https:\/\/schema.org\",\"@graph\":[{\"@type\":\"WebPage\",\"@id\":\"https:\/\/www.catedradeempresayhumanismo.com\/uncategorized\/barometro-empresa-ia\/\",\"url\":\"https:\/\/www.catedradeempresayhumanismo.com\/uncategorized\/barometro-empresa-ia\/\",\"name\":\"La empresa valenciana prioriza la automatizaci\u00f3n pese al d\u00e9ficit de habilidades en IA, seg\u00fan el Bar\u00f3metro de CEiH y SEIDOR - C\u00e1tedra de Empresa y Humanismo\",\"isPartOf\":{\"@id\":\"https:\/\/www.catedradeempresayhumanismo.com\/#website\"},\"primaryImageOfPage\":{\"@id\":\"https:\/\/www.catedradeempresayhumanismo.com\/uncategorized\/barometro-empresa-ia\/#primaryimage\"},\"image\":{\"@id\":\"https:\/\/www.catedradeempresayhumanismo.com\/uncategorized\/barometro-empresa-ia\/#primaryimage\"},\"thumbnailUrl\":\"https:\/\/www.catedradeempresayhumanismo.com\/wp-content\/uploads\/2026\/04\/Z1A3370-scaled.jpg\",\"datePublished\":\"2026-04-30T14:24:48+00:00\",\"dateModified\":\"2026-04-30T14:29:47+00:00\",\"author\":{\"@id\":\"https:\/\/www.catedradeempresayhumanismo.com\/#\/schema\/person\/45f64c9dd7f3ea73f005eeec663f758c\"},\"description\":\"La CEiH y SEIDOR han presentado en el Roig Arena los resultados del 'Bar\u00f3metro de Inteligencia Artificial en la Empresa de la Comunitat Valenciana'.\",\"breadcrumb\":{\"@id\":\"https:\/\/www.catedradeempresayhumanismo.com\/uncategorized\/barometro-empresa-ia\/#breadcrumb\"},\"inLanguage\":\"en-GB\",\"potentialAction\":[{\"@type\":\"ReadAction\",\"target\":[\"https:\/\/www.catedradeempresayhumanismo.com\/uncategorized\/barometro-empresa-ia\/\"]}]},{\"@type\":\"ImageObject\",\"inLanguage\":\"en-GB\",\"@id\":\"https:\/\/www.catedradeempresayhumanismo.com\/uncategorized\/barometro-empresa-ia\/#primaryimage\",\"url\":\"https:\/\/www.catedradeempresayhumanismo.com\/wp-content\/uploads\/2026\/04\/Z1A3370-scaled.jpg\",\"contentUrl\":\"https:\/\/www.catedradeempresayhumanismo.com\/wp-content\/uploads\/2026\/04\/Z1A3370-scaled.jpg\",\"width\":2560,\"height\":1707,\"caption\":\"Presentaci\u00f3n III Barometro\"},{\"@type\":\"BreadcrumbList\",\"@id\":\"https:\/\/www.catedradeempresayhumanismo.com\/uncategorized\/barometro-empresa-ia\/#breadcrumb\",\"itemListElement\":[{\"@type\":\"ListItem\",\"position\":1,\"name\":\"Portada\",\"item\":\"https:\/\/www.catedradeempresayhumanismo.com\/\"},{\"@type\":\"ListItem\",\"position\":2,\"name\":\"La empresa valenciana prioriza la automatizaci\u00f3n pese al d\u00e9ficit de habilidades en IA, seg\u00fan el Bar\u00f3metro de CEiH y SEIDOR\"}]},{\"@type\":\"WebSite\",\"@id\":\"https:\/\/www.catedradeempresayhumanismo.com\/#website\",\"url\":\"https:\/\/www.catedradeempresayhumanismo.com\/\",\"name\":\"C\u00e1tedra de Empresa y Humanismo\",\"description\":\"Iniciativa de la Conseller\u00eda de Econom\u00eda Sostenible, Sectores Productivos, Comercio y Trabajo y la Universidad de Valencia.\",\"potentialAction\":[{\"@type\":\"SearchAction\",\"target\":{\"@type\":\"EntryPoint\",\"urlTemplate\":\"https:\/\/www.catedradeempresayhumanismo.com\/?s={search_term_string}\"},\"query-input\":{\"@type\":\"PropertyValueSpecification\",\"valueRequired\":true,\"valueName\":\"search_term_string\"}}],\"inLanguage\":\"en-GB\"},{\"@type\":\"Person\",\"@id\":\"https:\/\/www.catedradeempresayhumanismo.com\/#\/schema\/person\/45f64c9dd7f3ea73f005eeec663f758c\",\"name\":\"Dulce Iborra\",\"image\":{\"@type\":\"ImageObject\",\"inLanguage\":\"en-GB\",\"@id\":\"https:\/\/www.catedradeempresayhumanismo.com\/#\/schema\/person\/image\/\",\"url\":\"https:\/\/secure.gravatar.com\/avatar\/de1bb08761f5b71814d13d15817d462420eb0955c4aa5ce587a9e52812e820ef?s=96&d=mm&r=g\",\"contentUrl\":\"https:\/\/secure.gravatar.com\/avatar\/de1bb08761f5b71814d13d15817d462420eb0955c4aa5ce587a9e52812e820ef?s=96&d=mm&r=g\",\"caption\":\"Dulce Iborra\"},\"url\":\"https:\/\/www.catedradeempresayhumanismo.com\/en\/author\/laembajadora\/\"}]}<\/script>\n<!-- \/ Yoast SEO plugin. -->","yoast_head_json":{"title":"La empresa valenciana prioriza la automatizaci\u00f3n pese al d\u00e9ficit de habilidades en IA, seg\u00fan el Bar\u00f3metro de CEiH y SEIDOR - C\u00e1tedra de Empresa y Humanismo","description":"La CEiH y SEIDOR han presentado en el Roig Arena los resultados del 'Bar\u00f3metro de Inteligencia Artificial en la Empresa de la Comunitat Valenciana'.","robots":{"index":"index","follow":"follow","max-snippet":"max-snippet:-1","max-image-preview":"max-image-preview:large","max-video-preview":"max-video-preview:-1"},"canonical":"https:\/\/www.catedradeempresayhumanismo.com\/en\/uncategorized\/barometro-empresa-ia\/","og_locale":"en_GB","og_type":"article","og_title":"La empresa valenciana prioriza la automatizaci\u00f3n pese al d\u00e9ficit de habilidades en IA, seg\u00fan el Bar\u00f3metro de CEiH y SEIDOR - C\u00e1tedra de Empresa y Humanismo","og_description":"La CEiH y SEIDOR han presentado en el Roig Arena los resultados del 'Bar\u00f3metro de Inteligencia Artificial en la Empresa de la Comunitat Valenciana'.","og_url":"https:\/\/www.catedradeempresayhumanismo.com\/en\/uncategorized\/barometro-empresa-ia\/","og_site_name":"C\u00e1tedra de Empresa y Humanismo","article_published_time":"2026-04-30T14:24:48+00:00","article_modified_time":"2026-04-30T14:29:47+00:00","og_image":[{"width":2560,"height":1707,"url":"https:\/\/www.catedradeempresayhumanismo.com\/wp-content\/uploads\/2026\/04\/Z1A3370-scaled.jpg","type":"image\/jpeg"}],"author":"Dulce Iborra","twitter_card":"summary_large_image","twitter_misc":{"Written by":"Dulce Iborra","Estimated reading time":"4 minutes"},"schema":{"@context":"https:\/\/schema.org","@graph":[{"@type":"WebPage","@id":"https:\/\/www.catedradeempresayhumanismo.com\/uncategorized\/barometro-empresa-ia\/","url":"https:\/\/www.catedradeempresayhumanismo.com\/uncategorized\/barometro-empresa-ia\/","name":"La empresa valenciana prioriza la automatizaci\u00f3n pese al d\u00e9ficit de habilidades en IA, seg\u00fan el Bar\u00f3metro de CEiH y SEIDOR - C\u00e1tedra de Empresa y Humanismo","isPartOf":{"@id":"https:\/\/www.catedradeempresayhumanismo.com\/#website"},"primaryImageOfPage":{"@id":"https:\/\/www.catedradeempresayhumanismo.com\/uncategorized\/barometro-empresa-ia\/#primaryimage"},"image":{"@id":"https:\/\/www.catedradeempresayhumanismo.com\/uncategorized\/barometro-empresa-ia\/#primaryimage"},"thumbnailUrl":"https:\/\/www.catedradeempresayhumanismo.com\/wp-content\/uploads\/2026\/04\/Z1A3370-scaled.jpg","datePublished":"2026-04-30T14:24:48+00:00","dateModified":"2026-04-30T14:29:47+00:00","author":{"@id":"https:\/\/www.catedradeempresayhumanismo.com\/#\/schema\/person\/45f64c9dd7f3ea73f005eeec663f758c"},"description":"La CEiH y SEIDOR han presentado en el Roig Arena los resultados del 'Bar\u00f3metro de Inteligencia Artificial en la Empresa de la Comunitat Valenciana'.","breadcrumb":{"@id":"https:\/\/www.catedradeempresayhumanismo.com\/uncategorized\/barometro-empresa-ia\/#breadcrumb"},"inLanguage":"en-GB","potentialAction":[{"@type":"ReadAction","target":["https:\/\/www.catedradeempresayhumanismo.com\/uncategorized\/barometro-empresa-ia\/"]}]},{"@type":"ImageObject","inLanguage":"en-GB","@id":"https:\/\/www.catedradeempresayhumanismo.com\/uncategorized\/barometro-empresa-ia\/#primaryimage","url":"https:\/\/www.catedradeempresayhumanismo.com\/wp-content\/uploads\/2026\/04\/Z1A3370-scaled.jpg","contentUrl":"https:\/\/www.catedradeempresayhumanismo.com\/wp-content\/uploads\/2026\/04\/Z1A3370-scaled.jpg","width":2560,"height":1707,"caption":"Presentaci\u00f3n III Barometro"},{"@type":"BreadcrumbList","@id":"https:\/\/www.catedradeempresayhumanismo.com\/uncategorized\/barometro-empresa-ia\/#breadcrumb","itemListElement":[{"@type":"ListItem","position":1,"name":"Portada","item":"https:\/\/www.catedradeempresayhumanismo.com\/"},{"@type":"ListItem","position":2,"name":"La empresa valenciana prioriza la automatizaci\u00f3n pese al d\u00e9ficit de habilidades en IA, seg\u00fan el Bar\u00f3metro de CEiH y SEIDOR"}]},{"@type":"WebSite","@id":"https:\/\/www.catedradeempresayhumanismo.com\/#website","url":"https:\/\/www.catedradeempresayhumanismo.com\/","name":"Chair of Business and Humanism","description":"Initiative of the Ministry of Sustainable Economy, Productive Sectors, Trade and Employment and the University of Valencia.","potentialAction":[{"@type":"SearchAction","target":{"@type":"EntryPoint","urlTemplate":"https:\/\/www.catedradeempresayhumanismo.com\/?s={search_term_string}"},"query-input":{"@type":"PropertyValueSpecification","valueRequired":true,"valueName":"search_term_string"}}],"inLanguage":"en-GB"},{"@type":"Person","@id":"https:\/\/www.catedradeempresayhumanismo.com\/#\/schema\/person\/45f64c9dd7f3ea73f005eeec663f758c","name":"Sweet Iborra","image":{"@type":"ImageObject","inLanguage":"en-GB","@id":"https:\/\/www.catedradeempresayhumanismo.com\/#\/schema\/person\/image\/","url":"https:\/\/secure.gravatar.com\/avatar\/de1bb08761f5b71814d13d15817d462420eb0955c4aa5ce587a9e52812e820ef?s=96&d=mm&r=g","contentUrl":"https:\/\/secure.gravatar.com\/avatar\/de1bb08761f5b71814d13d15817d462420eb0955c4aa5ce587a9e52812e820ef?s=96&d=mm&r=g","caption":"Dulce Iborra"},"url":"https:\/\/www.catedradeempresayhumanismo.com\/en\/author\/laembajadora\/"}]}},"_links":{"self":[{"href":"https:\/\/www.catedradeempresayhumanismo.com\/en\/wp-json\/wp\/v2\/posts\/1352","targetHints":{"allow":["GET"]}}],"collection":[{"href":"https:\/\/www.catedradeempresayhumanismo.com\/en\/wp-json\/wp\/v2\/posts"}],"about":[{"href":"https:\/\/www.catedradeempresayhumanismo.com\/en\/wp-json\/wp\/v2\/types\/post"}],"author":[{"embeddable":true,"href":"https:\/\/www.catedradeempresayhumanismo.com\/en\/wp-json\/wp\/v2\/users\/6"}],"replies":[{"embeddable":true,"href":"https:\/\/www.catedradeempresayhumanismo.com\/en\/wp-json\/wp\/v2\/comments?post=1352"}],"version-history":[{"count":2,"href":"https:\/\/www.catedradeempresayhumanismo.com\/en\/wp-json\/wp\/v2\/posts\/1352\/revisions"}],"predecessor-version":[{"id":1358,"href":"https:\/\/www.catedradeempresayhumanismo.com\/en\/wp-json\/wp\/v2\/posts\/1352\/revisions\/1358"}],"wp:featuredmedia":[{"embeddable":true,"href":"https:\/\/www.catedradeempresayhumanismo.com\/en\/wp-json\/wp\/v2\/media\/1353"}],"wp:attachment":[{"href":"https:\/\/www.catedradeempresayhumanismo.com\/en\/wp-json\/wp\/v2\/media?parent=1352"}],"wp:term":[{"taxonomy":"category","embeddable":true,"href":"https:\/\/www.catedradeempresayhumanismo.com\/en\/wp-json\/wp\/v2\/categories?post=1352"},{"taxonomy":"post_tag","embeddable":true,"href":"https:\/\/www.catedradeempresayhumanismo.com\/en\/wp-json\/wp\/v2\/tags?post=1352"}],"curies":[{"name":"wp","href":"https:\/\/api.w.org\/{rel}","templated":true}]}}